{"id":20764,"date":"2026-04-30T08:11:43","date_gmt":"2026-04-30T08:11:43","guid":{"rendered":"https:\/\/fundaciolaninetadelsulls.org\/?p=20764"},"modified":"2026-04-30T08:11:43","modified_gmt":"2026-04-30T08:11:43","slug":"erasmus-superhero-school-tarragona-nineta-dels-ulls","status":"publish","type":"post","link":"https:\/\/fundaciolaninetadelsulls.org\/es\/erasmus-superhero-school-tarragona-nineta-dels-ulls\/","title":{"rendered":"Tarragona acoge la primera reuni\u00f3n transnacional del proyecto europeo SUPERHERO SCHOOL liderado por la Fundaci\u00f3n La Nineta dels Ulls (28\/04\/2026)"},"content":{"rendered":"<p><img fetchpriority=\"high\" decoding=\"async\" class=\"alignnone size-medium wp-image-20760 aligncenter\" src=\"https:\/\/fundaciolaninetadelsulls.org\/wp-content\/uploads\/2026\/04\/Screenshot-2026-04-30-at-10-08-16-Instagram-288x300.png\" alt=\"\" width=\"288\" height=\"300\" srcset=\"https:\/\/fundaciolaninetadelsulls.org\/wp-content\/uploads\/2026\/04\/Screenshot-2026-04-30-at-10-08-16-Instagram-288x300.png 288w, https:\/\/fundaciolaninetadelsulls.org\/wp-content\/uploads\/2026\/04\/Screenshot-2026-04-30-at-10-08-16-Instagram.png 677w\" sizes=\"(max-width: 288px) 100vw, 288px\" \/><\/p>\n<p data-start=\"169\" data-end=\"423\">Tarragona ha sido el escenario de la primera reuni\u00f3n transnacional del proyecto europeo Erasmus+ <strong data-start=\"266\" data-end=\"373\">\u201cSUPERHERO SCHOOL: Imagining an Inclusive and Digital Education System Adapted to Students with Cancer\u201d<\/strong>, coordinado por la Fundaci\u00f3n La Nineta dels Ulls.<\/p>\n<p data-start=\"425\" data-end=\"687\">El encuentro ha contado con la participaci\u00f3n de representantes de todas las entidades socias del proyecto: Karkinaki (Atenas, Grecia), Escola PAX (Tarragona, Espa\u00f1a), Smallcodes (Florencia, Italia), Leonteios School (Atenas, Grecia) y RedTree (Valencia, Espa\u00f1a).<\/p>\n<p data-start=\"689\" data-end=\"999\">Durante la reuni\u00f3n, los distintos equipos han tenido la oportunidad de conocerse en persona, compartir experiencias e ideas, y avanzar en la planificaci\u00f3n de este proyecto, cuyo objetivo es imaginar y desarrollar un sistema educativo m\u00e1s inclusivo y digital, adaptado a las necesidades del alumnado con c\u00e1ncer.<\/p>\n<p data-start=\"1001\" data-end=\"1222\">La Fundaci\u00f3n ha querido destacar especialmente la acogida y la excelente organizaci\u00f3n de Escola PAX, que ha sido clave para el \u00e9xito de este primer encuentro, facilitando un espacio de trabajo colaborativo y enriquecedor.<\/p>\n<p data-start=\"1224\" data-end=\"1434\">Esta reuni\u00f3n ha servido tambi\u00e9n para reforzar la red de cooperaci\u00f3n entre las entidades participantes y consolidar las bases de un proyecto con una clara vocaci\u00f3n transformadora en el \u00e1mbito educativo y social.<\/p>\n<p data-start=\"1436\" data-end=\"1579\">El pr\u00f3ximo encuentro del consorcio tendr\u00e1 lugar en Atenas el pr\u00f3ximo mes de junio, donde se continuar\u00e1 avanzando en el desarrollo del proyecto.<\/p>\n","protected":false},"excerpt":{"rendered":"<p>Tarragona ha sido el escenario de la primera reuni\u00f3n transnacional del proyecto europeo Erasmus+ \u201cSUPERHERO SCHOOL: Imagining an Inclusive and Digital Education System Adapted to Students with Cancer\u201d, coordinado por la Fundaci\u00f3n La Nineta dels Ulls. El encuentro ha contado con la participaci\u00f3n de representantes de todas las entidades socias del proyecto: Karkinaki (Atenas, Grecia), [&hellip;]<\/p>\n","protected":false},"author":1,"featured_media":0,"comment_status":"closed","ping_status":"closed","sticky":false,"template":"","format":"standard","meta":{"site-sidebar-layout":"default","site-content-layout":"","ast-site-content-layout":"default","site-content-style":"default","site-sidebar-style":"default","ast-global-header-display":"","ast-banner-title-visibility":"","ast-main-header-display":"","ast-hfb-above-header-display":"","ast-hfb-below-header-display":"","ast-hfb-mobile-header-display":"","site-post-title":"","ast-breadcrumbs-content":"","ast-featured-img":"","footer-sml-layout":"","theme-transparent-header-meta":"default","adv-header-id-meta":"","stick-header-meta":"","header-above-stick-meta":"","header-main-stick-meta":"","header-below-stick-meta":"","astra-migrate-meta-layouts":"set","ast-page-background-enabled":"default","ast-page-background-meta":{"desktop":{"background-color":"","background-image":"","background-repeat":"repeat","background-position":"center center","background-size":"auto","background-attachment":"scroll","background-type":"","background-media":"","overlay-type":"","overlay-color":"","overlay-opacity":"","overlay-gradient":""},"tablet":{"background-color":"","background-image":"","background-repeat":"repeat","background-position":"center center","background-size":"auto","background-attachment":"scroll","background-type":"","background-media":"","overlay-type":"","overlay-color":"","overlay-opacity":"","overlay-gradient":""},"mobile":{"background-color":"","background-image":"","background-repeat":"repeat","background-position":"center center","background-size":"auto","background-attachment":"scroll","background-type":"","background-media":"","overlay-type":"","overlay-color":"","overlay-opacity":"","overlay-gradient":""}},"ast-content-background-meta":{"desktop":{"background-color":"var(--ast-global-color-5)","background-image":"","background-repeat":"repeat","background-position":"center center","background-size":"auto","background-attachment":"scroll","background-type":"","background-media":"","overlay-type":"","overlay-color":"","overlay-opacity":"","overlay-gradient":""},"tablet":{"background-color":"var(--ast-global-color-5)","background-image":"","background-repeat":"repeat","background-position":"center center","background-size":"auto","background-attachment":"scroll","background-type":"","background-media":"","overlay-type":"","overlay-color":"","overlay-opacity":"","overlay-gradient":""},"mobile":{"background-color":"var(--ast-global-color-5)","background-image":"","background-repeat":"repeat","background-position":"center center","background-size":"auto","background-attachment":"scroll","background-type":"","background-media":"","overlay-type":"","overlay-color":"","overlay-opacity":"","overlay-gradient":""}},"footnotes":""},"categories":[23],"tags":[],"class_list":["post-20764","post","type-post","status-publish","format-standard","hentry","category-noticias"],"yoast_head":"<!-- This site is optimized with the Yoast SEO plugin v25.4 - https:\/\/yoast.com\/wordpress\/plugins\/seo\/ -->\n<title>Tarragona acoge la primera reuni\u00f3n transnacional del proyecto europeo SUPERHERO SCHOOL liderado por la Fundaci\u00f3n La Nineta dels Ulls (28\/04\/2026) | Tarragona acoge el proyecto Erasmus+ SUPERHERO SCHOOL liderado por la Fundaci\u00f3n<\/title>\n<meta name=\"description\" content=\"Tarragona acoge la primera reuni\u00f3n del proyecto Erasmus+ SUPERHERO SCHOOL coordinado por la Fundaci\u00f3n La Nineta dels Ulls junto a socios europeos.\" \/>\n<meta name=\"robots\" content=\"index, follow, max-snippet:-1, max-image-preview:large, max-video-preview:-1\" \/>\n<link rel=\"canonical\" href=\"https:\/\/fundaciolaninetadelsulls.org\/es\/erasmus-superhero-school-tarragona-nineta-dels-ulls\/\" \/>\n<meta property=\"og:locale\" content=\"es_ES\" \/>\n<meta property=\"og:type\" content=\"article\" \/>\n<meta property=\"og:title\" content=\"Tarragona acoge la primera reuni\u00f3n transnacional del proyecto europeo SUPERHERO SCHOOL liderado por la Fundaci\u00f3n La Nineta dels Ulls (28\/04\/2026) | Tarragona acoge el proyecto Erasmus+ SUPERHERO SCHOOL liderado por la Fundaci\u00f3n\" \/>\n<meta property=\"og:description\" content=\"Tarragona acoge la primera reuni\u00f3n del proyecto Erasmus+ SUPERHERO SCHOOL coordinado por la Fundaci\u00f3n La Nineta dels Ulls junto a socios europeos.\" \/>\n<meta property=\"og:url\" content=\"https:\/\/fundaciolaninetadelsulls.org\/es\/erasmus-superhero-school-tarragona-nineta-dels-ulls\/\" \/>\n<meta property=\"og:site_name\" content=\"Fundaci\u00f3 La Nineta dels Ulls\" \/>\n<meta property=\"article:published_time\" content=\"2026-04-30T08:11:43+00:00\" \/>\n<meta property=\"og:image\" content=\"https:\/\/fundaciolaninetadelsulls.org\/wp-content\/uploads\/2026\/04\/Screenshot-2026-04-30-at-10-08-16-Instagram.png\" \/>\n\t<meta property=\"og:image:width\" content=\"677\" \/>\n\t<meta property=\"og:image:height\" content=\"704\" \/>\n\t<meta property=\"og:image:type\" content=\"image\/png\" \/>\n<meta name=\"author\" content=\"admin\" \/>\n<meta name=\"twitter:card\" content=\"summary_large_image\" \/>\n<meta name=\"twitter:label1\" content=\"Escrito por\" \/>\n\t<meta name=\"twitter:data1\" content=\"admin\" \/>\n\t<meta name=\"twitter:label2\" content=\"Tiempo de lectura\" \/>\n\t<meta name=\"twitter:data2\" content=\"2 minutos\" \/>\n<!-- \/ Yoast SEO plugin. -->","yoast_head_json":{"title":"Tarragona acoge la primera reuni\u00f3n transnacional del proyecto europeo SUPERHERO SCHOOL liderado por la Fundaci\u00f3n La Nineta dels Ulls (28\/04\/2026) | Tarragona acoge el proyecto Erasmus+ SUPERHERO SCHOOL liderado por la Fundaci\u00f3n","description":"Tarragona acoge la primera reuni\u00f3n del proyecto Erasmus+ SUPERHERO SCHOOL coordinado por la Fundaci\u00f3n La Nineta dels Ulls junto a socios europeos.","robots":{"index":"index","follow":"follow","max-snippet":"max-snippet:-1","max-image-preview":"max-image-preview:large","max-video-preview":"max-video-preview:-1"},"canonical":"https:\/\/fundaciolaninetadelsulls.org\/es\/erasmus-superhero-school-tarragona-nineta-dels-ulls\/","og_locale":"es_ES","og_type":"article","og_title":"Tarragona acoge la primera reuni\u00f3n transnacional del proyecto europeo SUPERHERO SCHOOL liderado por la Fundaci\u00f3n La Nineta dels Ulls (28\/04\/2026) | Tarragona acoge el proyecto Erasmus+ SUPERHERO SCHOOL liderado por la Fundaci\u00f3n","og_description":"Tarragona acoge la primera reuni\u00f3n del proyecto Erasmus+ SUPERHERO SCHOOL coordinado por la Fundaci\u00f3n La Nineta dels Ulls junto a socios europeos.","og_url":"https:\/\/fundaciolaninetadelsulls.org\/es\/erasmus-superhero-school-tarragona-nineta-dels-ulls\/","og_site_name":"Fundaci\u00f3 La Nineta dels Ulls","article_published_time":"2026-04-30T08:11:43+00:00","og_image":[{"width":677,"height":704,"url":"https:\/\/fundaciolaninetadelsulls.org\/wp-content\/uploads\/2026\/04\/Screenshot-2026-04-30-at-10-08-16-Instagram.png","type":"image\/png"}],"author":"admin","twitter_card":"summary_large_image","twitter_misc":{"Escrito por":"admin","Tiempo de lectura":"2 minutos"},"schema":{"@context":"https:\/\/schema.org","@graph":[{"@type":"Article","@id":"https:\/\/fundaciolaninetadelsulls.org\/es\/erasmus-superhero-school-tarragona-nineta-dels-ulls\/#article","isPartOf":{"@id":"https:\/\/fundaciolaninetadelsulls.org\/es\/erasmus-superhero-school-tarragona-nineta-dels-ulls\/"},"author":{"name":"admin","@id":"https:\/\/fundaciolaninetadelsulls.org\/es\/#\/schema\/person\/3eccaf2a549ed72f66aa1d01ff3f5a1b"},"headline":"Tarragona acoge la primera reuni\u00f3n transnacional del proyecto europeo SUPERHERO SCHOOL liderado por la Fundaci\u00f3n La Nineta dels Ulls (28\/04\/2026)","datePublished":"2026-04-30T08:11:43+00:00","mainEntityOfPage":{"@id":"https:\/\/fundaciolaninetadelsulls.org\/es\/erasmus-superhero-school-tarragona-nineta-dels-ulls\/"},"wordCount":245,"publisher":{"@id":"https:\/\/fundaciolaninetadelsulls.org\/es\/#organization"},"image":{"@id":"https:\/\/fundaciolaninetadelsulls.org\/es\/erasmus-superhero-school-tarragona-nineta-dels-ulls\/#primaryimage"},"thumbnailUrl":"https:\/\/fundaciolaninetadelsulls.org\/wp-content\/uploads\/2026\/04\/Screenshot-2026-04-30-at-10-08-16-Instagram-288x300.png","articleSection":["Noticias"],"inLanguage":"es"},{"@type":"WebPage","@id":"https:\/\/fundaciolaninetadelsulls.org\/es\/erasmus-superhero-school-tarragona-nineta-dels-ulls\/","url":"https:\/\/fundaciolaninetadelsulls.org\/es\/erasmus-superhero-school-tarragona-nineta-dels-ulls\/","name":"Tarragona acoge la primera reuni\u00f3n transnacional del proyecto europeo SUPERHERO SCHOOL liderado por la Fundaci\u00f3n La Nineta dels Ulls (28\/04\/2026) | Tarragona acoge el proyecto Erasmus+ SUPERHERO SCHOOL liderado por la Fundaci\u00f3n","isPartOf":{"@id":"https:\/\/fundaciolaninetadelsulls.org\/es\/#website"},"primaryImageOfPage":{"@id":"https:\/\/fundaciolaninetadelsulls.org\/es\/erasmus-superhero-school-tarragona-nineta-dels-ulls\/#primaryimage"},"image":{"@id":"https:\/\/fundaciolaninetadelsulls.org\/es\/erasmus-superhero-school-tarragona-nineta-dels-ulls\/#primaryimage"},"thumbnailUrl":"https:\/\/fundaciolaninetadelsulls.org\/wp-content\/uploads\/2026\/04\/Screenshot-2026-04-30-at-10-08-16-Instagram-288x300.png","datePublished":"2026-04-30T08:11:43+00:00","description":"Tarragona acoge la primera reuni\u00f3n del proyecto Erasmus+ SUPERHERO SCHOOL coordinado por la Fundaci\u00f3n La Nineta dels Ulls junto a socios europeos.","breadcrumb":{"@id":"https:\/\/fundaciolaninetadelsulls.org\/es\/erasmus-superhero-school-tarragona-nineta-dels-ulls\/#breadcrumb"},"inLanguage":"es","potentialAction":[{"@type":"ReadAction","target":["https:\/\/fundaciolaninetadelsulls.org\/es\/erasmus-superhero-school-tarragona-nineta-dels-ulls\/"]}]},{"@type":"ImageObject","inLanguage":"es","@id":"https:\/\/fundaciolaninetadelsulls.org\/es\/erasmus-superhero-school-tarragona-nineta-dels-ulls\/#primaryimage","url":"https:\/\/fundaciolaninetadelsulls.org\/wp-content\/uploads\/2026\/04\/Screenshot-2026-04-30-at-10-08-16-Instagram-288x300.png","contentUrl":"https:\/\/fundaciolaninetadelsulls.org\/wp-content\/uploads\/2026\/04\/Screenshot-2026-04-30-at-10-08-16-Instagram-288x300.png"},{"@type":"BreadcrumbList","@id":"https:\/\/fundaciolaninetadelsulls.org\/es\/erasmus-superhero-school-tarragona-nineta-dels-ulls\/#breadcrumb","itemListElement":[{"@type":"ListItem","position":1,"name":"Inicio","item":"https:\/\/fundaciolaninetadelsulls.org\/es\/"},{"@type":"ListItem","position":2,"name":"Tarragona acoge la primera reuni\u00f3n transnacional del proyecto europeo SUPERHERO SCHOOL liderado por la Fundaci\u00f3n La Nineta dels Ulls (28\/04\/2026)"}]},{"@type":"WebSite","@id":"https:\/\/fundaciolaninetadelsulls.org\/es\/#website","url":"https:\/\/fundaciolaninetadelsulls.org\/es\/","name":"Fundaci\u00f3 La Nineta dels Ulls","description":"Objetivo Retinoblastoma","publisher":{"@id":"https:\/\/fundaciolaninetadelsulls.org\/es\/#organization"},"potentialAction":[{"@type":"SearchAction","target":{"@type":"EntryPoint","urlTemplate":"https:\/\/fundaciolaninetadelsulls.org\/es\/?s={search_term_string}"},"query-input":{"@type":"PropertyValueSpecification","valueRequired":true,"valueName":"search_term_string"}}],"inLanguage":"es"},{"@type":"Organization","@id":"https:\/\/fundaciolaninetadelsulls.org\/es\/#organization","name":"Fundaci\u00f3 La Nineta dels Ulls","url":"https:\/\/fundaciolaninetadelsulls.org\/es\/","logo":{"@type":"ImageObject","inLanguage":"es","@id":"https:\/\/fundaciolaninetadelsulls.org\/es\/#\/schema\/logo\/image\/","url":"https:\/\/fundaciolaninetadelsulls.org\/wp-content\/uploads\/2020\/12\/logo-fundacion-la-nineta-dels-ullst.png","contentUrl":"https:\/\/fundaciolaninetadelsulls.org\/wp-content\/uploads\/2020\/12\/logo-fundacion-la-nineta-dels-ullst.png","width":1467,"height":446,"caption":"Fundaci\u00f3 La Nineta dels Ulls"},"image":{"@id":"https:\/\/fundaciolaninetadelsulls.org\/es\/#\/schema\/logo\/image\/"}},{"@type":"Person","@id":"https:\/\/fundaciolaninetadelsulls.org\/es\/#\/schema\/person\/3eccaf2a549ed72f66aa1d01ff3f5a1b","name":"admin","image":{"@type":"ImageObject","inLanguage":"es","@id":"https:\/\/fundaciolaninetadelsulls.org\/es\/#\/schema\/person\/image\/","url":"https:\/\/secure.gravatar.com\/avatar\/265f6e939194518e3bea4bd7c1f3d8536537badc12519a87515855e398051aa4?s=96&d=mm&r=g","contentUrl":"https:\/\/secure.gravatar.com\/avatar\/265f6e939194518e3bea4bd7c1f3d8536537badc12519a87515855e398051aa4?s=96&d=mm&r=g","caption":"admin"},"sameAs":["https:\/\/fundaciolaninetadelsulls.org"]}]}},"_links":{"self":[{"href":"https:\/\/fundaciolaninetadelsulls.org\/es\/wp-json\/wp\/v2\/posts\/20764","targetHints":{"allow":["GET"]}}],"collection":[{"href":"https:\/\/fundaciolaninetadelsulls.org\/es\/wp-json\/wp\/v2\/posts"}],"about":[{"href":"https:\/\/fundaciolaninetadelsulls.org\/es\/wp-json\/wp\/v2\/types\/post"}],"author":[{"embeddable":true,"href":"https:\/\/fundaciolaninetadelsulls.org\/es\/wp-json\/wp\/v2\/users\/1"}],"replies":[{"embeddable":true,"href":"https:\/\/fundaciolaninetadelsulls.org\/es\/wp-json\/wp\/v2\/comments?post=20764"}],"version-history":[{"count":1,"href":"https:\/\/fundaciolaninetadelsulls.org\/es\/wp-json\/wp\/v2\/posts\/20764\/revisions"}],"predecessor-version":[{"id":20765,"href":"https:\/\/fundaciolaninetadelsulls.org\/es\/wp-json\/wp\/v2\/posts\/20764\/revisions\/20765"}],"wp:attachment":[{"href":"https:\/\/fundaciolaninetadelsulls.org\/es\/wp-json\/wp\/v2\/media?parent=20764"}],"wp:term":[{"taxonomy":"category","embeddable":true,"href":"https:\/\/fundaciolaninetadelsulls.org\/es\/wp-json\/wp\/v2\/categories?post=20764"},{"taxonomy":"post_tag","embeddable":true,"href":"https:\/\/fundaciolaninetadelsulls.org\/es\/wp-json\/wp\/v2\/tags?post=20764"}],"curies":[{"name":"wp","href":"https:\/\/api.w.org\/{rel}","templated":true}]}}