{"id":20753,"date":"2026-04-30T08:01:39","date_gmt":"2026-04-30T08:01:39","guid":{"rendered":"https:\/\/fundaciolaninetadelsulls.org\/?p=20753"},"modified":"2026-04-30T08:01:39","modified_gmt":"2026-04-30T08:01:39","slug":"sant-jordi-solidario-nineta-dels-ulls-recaudacion","status":"publish","type":"post","link":"https:\/\/fundaciolaninetadelsulls.org\/es\/sant-jordi-solidario-nineta-dels-ulls-recaudacion\/","title":{"rendered":"La campa\u00f1a de Sant Jordi de la Fundaci\u00f3 La Nineta dels Ulls recauda m\u00e1s de 4.300 \u20ac solidarios (23\/04\/2026)"},"content":{"rendered":"<p><img fetchpriority=\"high\" decoding=\"async\" class=\"alignnone size-medium wp-image-20751 aligncenter\" src=\"https:\/\/fundaciolaninetadelsulls.org\/wp-content\/uploads\/2026\/04\/Screenshot-2026-04-30-at-10-00-11-Instagram-240x300.png\" alt=\"\" width=\"240\" height=\"300\" srcset=\"https:\/\/fundaciolaninetadelsulls.org\/wp-content\/uploads\/2026\/04\/Screenshot-2026-04-30-at-10-00-11-Instagram-240x300.png 240w, https:\/\/fundaciolaninetadelsulls.org\/wp-content\/uploads\/2026\/04\/Screenshot-2026-04-30-at-10-00-11-Instagram.png 718w\" sizes=\"(max-width: 240px) 100vw, 240px\" \/><\/p>\n<p data-start=\"131\" data-end=\"386\">La Fundaci\u00f3n La Nineta dels Ulls ha cerrado su campa\u00f1a de Sant Jordi con un gran \u00e9xito de participaci\u00f3n y solidaridad, logrando recaudar m\u00e1s de 4.300 \u20ac destinados a impulsar sus proyectos de investigaci\u00f3n y apoyo a ni\u00f1os con retinoblastoma y sus familias.<\/p>\n<p data-start=\"388\" data-end=\"700\">Durante esta jornada tan especial, rosas, dragones y las emblem\u00e1ticas Santas Jordinas han sido mucho m\u00e1s que un s\u00edmbolo de tradici\u00f3n: se han convertido en una muestra de compromiso colectivo con una causa que busca avanzar en la investigaci\u00f3n, promover la detecci\u00f3n precoz y acompa\u00f1ar a los ni\u00f1os y sus familias.<\/p>\n<p data-start=\"702\" data-end=\"1033\">La Fundaci\u00f3n quiere expresar un agradecimiento muy especial a todas las voluntarias que, con dedicaci\u00f3n y cari\u00f1o, han elaborado a mano las Santas Jordinas, as\u00ed como las rosas y los dragones de ganchillo solidarios. Su labor ha sido clave para hacer posible esta iniciativa y transformar cada pieza en un gesto lleno de significado.<\/p>\n<p data-start=\"1035\" data-end=\"1308\">Asimismo, tambi\u00e9n se quiere reconocer el apoyo de todas las personas que han colaborado adquiriendo estos productos solidarios, as\u00ed como de los comercios locales de municipios como Batea, Bot, La Fatarella y Gandesa, que han contribuido a acercar la campa\u00f1a a m\u00e1s personas.<\/p>\n<p data-start=\"1310\" data-end=\"1496\">Con acciones como esta, la Fundaci\u00f3n sigue tejiendo una red de solidaridad que crece cada a\u00f1o, convirtiendo Sant Jordi en una oportunidad para regalar cultura, amor\u2026 y tambi\u00e9n esperanza.<\/p>\n","protected":false},"excerpt":{"rendered":"<p>La Fundaci\u00f3n La Nineta dels Ulls ha cerrado su campa\u00f1a de Sant Jordi con un gran \u00e9xito de participaci\u00f3n y solidaridad, logrando recaudar m\u00e1s de 4.300 \u20ac destinados a impulsar sus proyectos de investigaci\u00f3n y apoyo a ni\u00f1os con retinoblastoma y sus familias. Durante esta jornada tan especial, rosas, dragones y las emblem\u00e1ticas Santas Jordinas [&hellip;]<\/p>\n","protected":false},"author":1,"featured_media":0,"comment_status":"closed","ping_status":"closed","sticky":false,"template":"","format":"standard","meta":{"site-sidebar-layout":"default","site-content-layout":"","ast-site-content-layout":"default","site-content-style":"default","site-sidebar-style":"default","ast-global-header-display":"","ast-banner-title-visibility":"","ast-main-header-display":"","ast-hfb-above-header-display":"","ast-hfb-below-header-display":"","ast-hfb-mobile-header-display":"","site-post-title":"","ast-breadcrumbs-content":"","ast-featured-img":"","footer-sml-layout":"","theme-transparent-header-meta":"default","adv-header-id-meta":"","stick-header-meta":"","header-above-stick-meta":"","header-main-stick-meta":"","header-below-stick-meta":"","astra-migrate-meta-layouts":"set","ast-page-background-enabled":"default","ast-page-background-meta":{"desktop":{"background-color":"","background-image":"","background-repeat":"repeat","background-position":"center center","background-size":"auto","background-attachment":"scroll","background-type":"","background-media":"","overlay-type":"","overlay-color":"","overlay-opacity":"","overlay-gradient":""},"tablet":{"background-color":"","background-image":"","background-repeat":"repeat","background-position":"center center","background-size":"auto","background-attachment":"scroll","background-type":"","background-media":"","overlay-type":"","overlay-color":"","overlay-opacity":"","overlay-gradient":""},"mobile":{"background-color":"","background-image":"","background-repeat":"repeat","background-position":"center center","background-size":"auto","background-attachment":"scroll","background-type":"","background-media":"","overlay-type":"","overlay-color":"","overlay-opacity":"","overlay-gradient":""}},"ast-content-background-meta":{"desktop":{"background-color":"var(--ast-global-color-5)","background-image":"","background-repeat":"repeat","background-position":"center center","background-size":"auto","background-attachment":"scroll","background-type":"","background-media":"","overlay-type":"","overlay-color":"","overlay-opacity":"","overlay-gradient":""},"tablet":{"background-color":"var(--ast-global-color-5)","background-image":"","background-repeat":"repeat","background-position":"center center","background-size":"auto","background-attachment":"scroll","background-type":"","background-media":"","overlay-type":"","overlay-color":"","overlay-opacity":"","overlay-gradient":""},"mobile":{"background-color":"var(--ast-global-color-5)","background-image":"","background-repeat":"repeat","background-position":"center center","background-size":"auto","background-attachment":"scroll","background-type":"","background-media":"","overlay-type":"","overlay-color":"","overlay-opacity":"","overlay-gradient":""}},"footnotes":""},"categories":[23],"tags":[],"class_list":["post-20753","post","type-post","status-publish","format-standard","hentry","category-noticias"],"yoast_head":"<!-- This site is optimized with the Yoast SEO plugin v25.4 - https:\/\/yoast.com\/wordpress\/plugins\/seo\/ -->\n<title>La campa\u00f1a de Sant Jordi de la Fundaci\u00f3 La Nineta dels Ulls recauda m\u00e1s de 4.300 \u20ac solidarios (23\/04\/2026) |La Fundaci\u00f3 La Nineta dels Ulls recauda m\u00e1s de 4.300 \u20ac en Sant Jordi<\/title>\n<meta name=\"description\" content=\"La Fundaci\u00f3 La Nineta dels Ulls recauda m\u00e1s de 4.300 \u20ac con su campa\u00f1a de Sant Jordi y agradece a las voluntarias que han elaborado rosas, dragones y Santas Jordinas solidarias.\" \/>\n<meta name=\"robots\" content=\"index, follow, max-snippet:-1, max-image-preview:large, max-video-preview:-1\" \/>\n<link rel=\"canonical\" href=\"https:\/\/fundaciolaninetadelsulls.org\/es\/sant-jordi-solidario-nineta-dels-ulls-recaudacion\/\" \/>\n<meta property=\"og:locale\" content=\"es_ES\" \/>\n<meta property=\"og:type\" content=\"article\" \/>\n<meta property=\"og:title\" content=\"La campa\u00f1a de Sant Jordi de la Fundaci\u00f3 La Nineta dels Ulls recauda m\u00e1s de 4.300 \u20ac solidarios (23\/04\/2026) |La Fundaci\u00f3 La Nineta dels Ulls recauda m\u00e1s de 4.300 \u20ac en Sant Jordi\" \/>\n<meta property=\"og:description\" content=\"La Fundaci\u00f3 La Nineta dels Ulls recauda m\u00e1s de 4.300 \u20ac con su campa\u00f1a de Sant Jordi y agradece a las voluntarias que han elaborado rosas, dragones y Santas Jordinas solidarias.\" \/>\n<meta property=\"og:url\" content=\"https:\/\/fundaciolaninetadelsulls.org\/es\/sant-jordi-solidario-nineta-dels-ulls-recaudacion\/\" \/>\n<meta property=\"og:site_name\" content=\"Fundaci\u00f3 La Nineta dels Ulls\" \/>\n<meta property=\"article:published_time\" content=\"2026-04-30T08:01:39+00:00\" \/>\n<meta property=\"og:image\" content=\"https:\/\/fundaciolaninetadelsulls.org\/wp-content\/uploads\/2026\/04\/Screenshot-2026-04-30-at-10-00-11-Instagram.png\" \/>\n\t<meta property=\"og:image:width\" content=\"718\" \/>\n\t<meta property=\"og:image:height\" content=\"899\" \/>\n\t<meta property=\"og:image:type\" content=\"image\/png\" \/>\n<meta name=\"author\" content=\"admin\" \/>\n<meta name=\"twitter:card\" content=\"summary_large_image\" \/>\n<meta name=\"twitter:label1\" content=\"Escrito por\" \/>\n\t<meta name=\"twitter:data1\" content=\"admin\" \/>\n\t<meta name=\"twitter:label2\" content=\"Tiempo de lectura\" \/>\n\t<meta name=\"twitter:data2\" content=\"2 minutos\" \/>\n<!-- \/ Yoast SEO plugin. -->","yoast_head_json":{"title":"La campa\u00f1a de Sant Jordi de la Fundaci\u00f3 La Nineta dels Ulls recauda m\u00e1s de 4.300 \u20ac solidarios (23\/04\/2026) |La Fundaci\u00f3 La Nineta dels Ulls recauda m\u00e1s de 4.300 \u20ac en Sant Jordi","description":"La Fundaci\u00f3 La Nineta dels Ulls recauda m\u00e1s de 4.300 \u20ac con su campa\u00f1a de Sant Jordi y agradece a las voluntarias que han elaborado rosas, dragones y Santas Jordinas solidarias.","robots":{"index":"index","follow":"follow","max-snippet":"max-snippet:-1","max-image-preview":"max-image-preview:large","max-video-preview":"max-video-preview:-1"},"canonical":"https:\/\/fundaciolaninetadelsulls.org\/es\/sant-jordi-solidario-nineta-dels-ulls-recaudacion\/","og_locale":"es_ES","og_type":"article","og_title":"La campa\u00f1a de Sant Jordi de la Fundaci\u00f3 La Nineta dels Ulls recauda m\u00e1s de 4.300 \u20ac solidarios (23\/04\/2026) |La Fundaci\u00f3 La Nineta dels Ulls recauda m\u00e1s de 4.300 \u20ac en Sant Jordi","og_description":"La Fundaci\u00f3 La Nineta dels Ulls recauda m\u00e1s de 4.300 \u20ac con su campa\u00f1a de Sant Jordi y agradece a las voluntarias que han elaborado rosas, dragones y Santas Jordinas solidarias.","og_url":"https:\/\/fundaciolaninetadelsulls.org\/es\/sant-jordi-solidario-nineta-dels-ulls-recaudacion\/","og_site_name":"Fundaci\u00f3 La Nineta dels Ulls","article_published_time":"2026-04-30T08:01:39+00:00","og_image":[{"width":718,"height":899,"url":"https:\/\/fundaciolaninetadelsulls.org\/wp-content\/uploads\/2026\/04\/Screenshot-2026-04-30-at-10-00-11-Instagram.png","type":"image\/png"}],"author":"admin","twitter_card":"summary_large_image","twitter_misc":{"Escrito por":"admin","Tiempo de lectura":"2 minutos"},"schema":{"@context":"https:\/\/schema.org","@graph":[{"@type":"Article","@id":"https:\/\/fundaciolaninetadelsulls.org\/es\/sant-jordi-solidario-nineta-dels-ulls-recaudacion\/#article","isPartOf":{"@id":"https:\/\/fundaciolaninetadelsulls.org\/es\/sant-jordi-solidario-nineta-dels-ulls-recaudacion\/"},"author":{"name":"admin","@id":"https:\/\/fundaciolaninetadelsulls.org\/es\/#\/schema\/person\/3eccaf2a549ed72f66aa1d01ff3f5a1b"},"headline":"La campa\u00f1a de Sant Jordi de la Fundaci\u00f3 La Nineta dels Ulls recauda m\u00e1s de 4.300 \u20ac solidarios (23\/04\/2026)","datePublished":"2026-04-30T08:01:39+00:00","mainEntityOfPage":{"@id":"https:\/\/fundaciolaninetadelsulls.org\/es\/sant-jordi-solidario-nineta-dels-ulls-recaudacion\/"},"wordCount":259,"publisher":{"@id":"https:\/\/fundaciolaninetadelsulls.org\/es\/#organization"},"image":{"@id":"https:\/\/fundaciolaninetadelsulls.org\/es\/sant-jordi-solidario-nineta-dels-ulls-recaudacion\/#primaryimage"},"thumbnailUrl":"https:\/\/fundaciolaninetadelsulls.org\/wp-content\/uploads\/2026\/04\/Screenshot-2026-04-30-at-10-00-11-Instagram-240x300.png","articleSection":["Noticias"],"inLanguage":"es"},{"@type":"WebPage","@id":"https:\/\/fundaciolaninetadelsulls.org\/es\/sant-jordi-solidario-nineta-dels-ulls-recaudacion\/","url":"https:\/\/fundaciolaninetadelsulls.org\/es\/sant-jordi-solidario-nineta-dels-ulls-recaudacion\/","name":"La campa\u00f1a de Sant Jordi de la Fundaci\u00f3 La Nineta dels Ulls recauda m\u00e1s de 4.300 \u20ac solidarios (23\/04\/2026) |La Fundaci\u00f3 La Nineta dels Ulls recauda m\u00e1s de 4.300 \u20ac en Sant Jordi","isPartOf":{"@id":"https:\/\/fundaciolaninetadelsulls.org\/es\/#website"},"primaryImageOfPage":{"@id":"https:\/\/fundaciolaninetadelsulls.org\/es\/sant-jordi-solidario-nineta-dels-ulls-recaudacion\/#primaryimage"},"image":{"@id":"https:\/\/fundaciolaninetadelsulls.org\/es\/sant-jordi-solidario-nineta-dels-ulls-recaudacion\/#primaryimage"},"thumbnailUrl":"https:\/\/fundaciolaninetadelsulls.org\/wp-content\/uploads\/2026\/04\/Screenshot-2026-04-30-at-10-00-11-Instagram-240x300.png","datePublished":"2026-04-30T08:01:39+00:00","description":"La Fundaci\u00f3 La Nineta dels Ulls recauda m\u00e1s de 4.300 \u20ac con su campa\u00f1a de Sant Jordi y agradece a las voluntarias que han elaborado rosas, dragones y Santas Jordinas solidarias.","breadcrumb":{"@id":"https:\/\/fundaciolaninetadelsulls.org\/es\/sant-jordi-solidario-nineta-dels-ulls-recaudacion\/#breadcrumb"},"inLanguage":"es","potentialAction":[{"@type":"ReadAction","target":["https:\/\/fundaciolaninetadelsulls.org\/es\/sant-jordi-solidario-nineta-dels-ulls-recaudacion\/"]}]},{"@type":"ImageObject","inLanguage":"es","@id":"https:\/\/fundaciolaninetadelsulls.org\/es\/sant-jordi-solidario-nineta-dels-ulls-recaudacion\/#primaryimage","url":"https:\/\/fundaciolaninetadelsulls.org\/wp-content\/uploads\/2026\/04\/Screenshot-2026-04-30-at-10-00-11-Instagram-240x300.png","contentUrl":"https:\/\/fundaciolaninetadelsulls.org\/wp-content\/uploads\/2026\/04\/Screenshot-2026-04-30-at-10-00-11-Instagram-240x300.png"},{"@type":"BreadcrumbList","@id":"https:\/\/fundaciolaninetadelsulls.org\/es\/sant-jordi-solidario-nineta-dels-ulls-recaudacion\/#breadcrumb","itemListElement":[{"@type":"ListItem","position":1,"name":"Inicio","item":"https:\/\/fundaciolaninetadelsulls.org\/es\/"},{"@type":"ListItem","position":2,"name":"La campa\u00f1a de Sant Jordi de la Fundaci\u00f3 La Nineta dels Ulls recauda m\u00e1s de 4.300 \u20ac solidarios (23\/04\/2026)"}]},{"@type":"WebSite","@id":"https:\/\/fundaciolaninetadelsulls.org\/es\/#website","url":"https:\/\/fundaciolaninetadelsulls.org\/es\/","name":"Fundaci\u00f3 La Nineta dels Ulls","description":"Objetivo Retinoblastoma","publisher":{"@id":"https:\/\/fundaciolaninetadelsulls.org\/es\/#organization"},"potentialAction":[{"@type":"SearchAction","target":{"@type":"EntryPoint","urlTemplate":"https:\/\/fundaciolaninetadelsulls.org\/es\/?s={search_term_string}"},"query-input":{"@type":"PropertyValueSpecification","valueRequired":true,"valueName":"search_term_string"}}],"inLanguage":"es"},{"@type":"Organization","@id":"https:\/\/fundaciolaninetadelsulls.org\/es\/#organization","name":"Fundaci\u00f3 La Nineta dels Ulls","url":"https:\/\/fundaciolaninetadelsulls.org\/es\/","logo":{"@type":"ImageObject","inLanguage":"es","@id":"https:\/\/fundaciolaninetadelsulls.org\/es\/#\/schema\/logo\/image\/","url":"https:\/\/fundaciolaninetadelsulls.org\/wp-content\/uploads\/2020\/12\/logo-fundacion-la-nineta-dels-ullst.png","contentUrl":"https:\/\/fundaciolaninetadelsulls.org\/wp-content\/uploads\/2020\/12\/logo-fundacion-la-nineta-dels-ullst.png","width":1467,"height":446,"caption":"Fundaci\u00f3 La Nineta dels Ulls"},"image":{"@id":"https:\/\/fundaciolaninetadelsulls.org\/es\/#\/schema\/logo\/image\/"}},{"@type":"Person","@id":"https:\/\/fundaciolaninetadelsulls.org\/es\/#\/schema\/person\/3eccaf2a549ed72f66aa1d01ff3f5a1b","name":"admin","image":{"@type":"ImageObject","inLanguage":"es","@id":"https:\/\/fundaciolaninetadelsulls.org\/es\/#\/schema\/person\/image\/","url":"https:\/\/secure.gravatar.com\/avatar\/265f6e939194518e3bea4bd7c1f3d8536537badc12519a87515855e398051aa4?s=96&d=mm&r=g","contentUrl":"https:\/\/secure.gravatar.com\/avatar\/265f6e939194518e3bea4bd7c1f3d8536537badc12519a87515855e398051aa4?s=96&d=mm&r=g","caption":"admin"},"sameAs":["https:\/\/fundaciolaninetadelsulls.org"]}]}},"_links":{"self":[{"href":"https:\/\/fundaciolaninetadelsulls.org\/es\/wp-json\/wp\/v2\/posts\/20753","targetHints":{"allow":["GET"]}}],"collection":[{"href":"https:\/\/fundaciolaninetadelsulls.org\/es\/wp-json\/wp\/v2\/posts"}],"about":[{"href":"https:\/\/fundaciolaninetadelsulls.org\/es\/wp-json\/wp\/v2\/types\/post"}],"author":[{"embeddable":true,"href":"https:\/\/fundaciolaninetadelsulls.org\/es\/wp-json\/wp\/v2\/users\/1"}],"replies":[{"embeddable":true,"href":"https:\/\/fundaciolaninetadelsulls.org\/es\/wp-json\/wp\/v2\/comments?post=20753"}],"version-history":[{"count":1,"href":"https:\/\/fundaciolaninetadelsulls.org\/es\/wp-json\/wp\/v2\/posts\/20753\/revisions"}],"predecessor-version":[{"id":20754,"href":"https:\/\/fundaciolaninetadelsulls.org\/es\/wp-json\/wp\/v2\/posts\/20753\/revisions\/20754"}],"wp:attachment":[{"href":"https:\/\/fundaciolaninetadelsulls.org\/es\/wp-json\/wp\/v2\/media?parent=20753"}],"wp:term":[{"taxonomy":"category","embeddable":true,"href":"https:\/\/fundaciolaninetadelsulls.org\/es\/wp-json\/wp\/v2\/categories?post=20753"},{"taxonomy":"post_tag","embeddable":true,"href":"https:\/\/fundaciolaninetadelsulls.org\/es\/wp-json\/wp\/v2\/tags?post=20753"}],"curies":[{"name":"wp","href":"https:\/\/api.w.org\/{rel}","templated":true}]}}