{"id":20743,"date":"2026-04-29T09:24:38","date_gmt":"2026-04-29T09:24:38","guid":{"rendered":"https:\/\/fundaciolaninetadelsulls.org\/?p=20743"},"modified":"2026-04-29T09:24:38","modified_gmt":"2026-04-29T09:24:38","slug":"fundacion-nineta-dels-ulls-catalunya-radio-alexia-pascual","status":"publish","type":"post","link":"https:\/\/fundaciolaninetadelsulls.org\/es\/fundacion-nineta-dels-ulls-catalunya-radio-alexia-pascual\/","title":{"rendered":"La Fundaci\u00f3n La Nineta dels Ulls, protagonista en Catalunya R\u00e0dio con el apoyo de Al\u00e8xia Pascual (21\/04\/2026)"},"content":{"rendered":"<p><img fetchpriority=\"high\" decoding=\"async\" class=\"alignnone size-medium wp-image-20741 aligncenter\" src=\"https:\/\/fundaciolaninetadelsulls.org\/wp-content\/uploads\/2026\/04\/Screenshot-2026-04-29-at-11-22-43-Instagram-300x263.png\" alt=\"\" width=\"300\" height=\"263\" srcset=\"https:\/\/fundaciolaninetadelsulls.org\/wp-content\/uploads\/2026\/04\/Screenshot-2026-04-29-at-11-22-43-Instagram-300x263.png 300w, https:\/\/fundaciolaninetadelsulls.org\/wp-content\/uploads\/2026\/04\/Screenshot-2026-04-29-at-11-22-43-Instagram-768x674.png 768w, https:\/\/fundaciolaninetadelsulls.org\/wp-content\/uploads\/2026\/04\/Screenshot-2026-04-29-at-11-22-43-Instagram.png 899w\" sizes=\"(max-width: 300px) 100vw, 300px\" \/><\/p>\n<p data-start=\"133\" data-end=\"386\">La Fundaci\u00f3n La Nineta dels Ulls quiere expresar su agradecimiento a <em data-start=\"202\" data-end=\"230\">El Mat\u00ed de Catalunya R\u00e0dio<\/em> por haber contribuido a dar visibilidad a su labor a trav\u00e9s del espacio <em data-start=\"303\" data-end=\"321\">Les Bones Causes<\/em>, una plataforma que acerca iniciativas sociales a la ciudadan\u00eda.<\/p>\n<p data-start=\"388\" data-end=\"606\">Gracias a esta colaboraci\u00f3n, la Fundaci\u00f3n ha podido llegar a m\u00e1s personas y seguir sensibilizando sobre la importancia de la investigaci\u00f3n, la detecci\u00f3n precoz del retinoblastoma y el acompa\u00f1amiento a ni\u00f1os y familias.<\/p>\n<p data-start=\"608\" data-end=\"820\">La entidad tambi\u00e9n quiere destacar especialmente la implicaci\u00f3n de Al\u00e8xia Pascual, quien con su generosidad ha hecho posible esta participaci\u00f3n, contribuyendo a dar voz al proyecto y a reforzar su impacto social.<\/p>\n<p data-start=\"822\" data-end=\"1033\">Esta acci\u00f3n pone en valor el papel de los medios de comunicaci\u00f3n en la difusi\u00f3n de causas sociales y en la creaci\u00f3n de conciencia colectiva en torno a proyectos que trabajan para mejorar la vida de las personas.<\/p>\n<p data-start=\"1035\" data-end=\"1187\">\ud83c\udf99\ufe0f La entrevista puede escucharse en el <a href=\"https:\/\/www.3cat.cat\/3cat\/alexia-pascual-amb-la-fundacio-la-nineta-dels-ulls\/audio\/1277938\/\">siguiente enlace:<\/a><\/p>\n","protected":false},"excerpt":{"rendered":"<p>La Fundaci\u00f3n La Nineta dels Ulls quiere expresar su agradecimiento a El Mat\u00ed de Catalunya R\u00e0dio por haber contribuido a dar visibilidad a su labor a trav\u00e9s del espacio Les Bones Causes, una plataforma que acerca iniciativas sociales a la ciudadan\u00eda. Gracias a esta colaboraci\u00f3n, la Fundaci\u00f3n ha podido llegar a m\u00e1s personas y seguir [&hellip;]<\/p>\n","protected":false},"author":1,"featured_media":0,"comment_status":"closed","ping_status":"closed","sticky":false,"template":"","format":"standard","meta":{"site-sidebar-layout":"default","site-content-layout":"","ast-site-content-layout":"default","site-content-style":"default","site-sidebar-style":"default","ast-global-header-display":"","ast-banner-title-visibility":"","ast-main-header-display":"","ast-hfb-above-header-display":"","ast-hfb-below-header-display":"","ast-hfb-mobile-header-display":"","site-post-title":"","ast-breadcrumbs-content":"","ast-featured-img":"","footer-sml-layout":"","theme-transparent-header-meta":"default","adv-header-id-meta":"","stick-header-meta":"","header-above-stick-meta":"","header-main-stick-meta":"","header-below-stick-meta":"","astra-migrate-meta-layouts":"set","ast-page-background-enabled":"default","ast-page-background-meta":{"desktop":{"background-color":"","background-image":"","background-repeat":"repeat","background-position":"center center","background-size":"auto","background-attachment":"scroll","background-type":"","background-media":"","overlay-type":"","overlay-color":"","overlay-opacity":"","overlay-gradient":""},"tablet":{"background-color":"","background-image":"","background-repeat":"repeat","background-position":"center center","background-size":"auto","background-attachment":"scroll","background-type":"","background-media":"","overlay-type":"","overlay-color":"","overlay-opacity":"","overlay-gradient":""},"mobile":{"background-color":"","background-image":"","background-repeat":"repeat","background-position":"center center","background-size":"auto","background-attachment":"scroll","background-type":"","background-media":"","overlay-type":"","overlay-color":"","overlay-opacity":"","overlay-gradient":""}},"ast-content-background-meta":{"desktop":{"background-color":"var(--ast-global-color-5)","background-image":"","background-repeat":"repeat","background-position":"center center","background-size":"auto","background-attachment":"scroll","background-type":"","background-media":"","overlay-type":"","overlay-color":"","overlay-opacity":"","overlay-gradient":""},"tablet":{"background-color":"var(--ast-global-color-5)","background-image":"","background-repeat":"repeat","background-position":"center center","background-size":"auto","background-attachment":"scroll","background-type":"","background-media":"","overlay-type":"","overlay-color":"","overlay-opacity":"","overlay-gradient":""},"mobile":{"background-color":"var(--ast-global-color-5)","background-image":"","background-repeat":"repeat","background-position":"center center","background-size":"auto","background-attachment":"scroll","background-type":"","background-media":"","overlay-type":"","overlay-color":"","overlay-opacity":"","overlay-gradient":""}},"footnotes":""},"categories":[23],"tags":[],"class_list":["post-20743","post","type-post","status-publish","format-standard","hentry","category-noticias"],"yoast_head":"<!-- This site is optimized with the Yoast SEO plugin v25.4 - https:\/\/yoast.com\/wordpress\/plugins\/seo\/ -->\n<title>La Fundaci\u00f3n La Nineta dels Ulls, protagonista en Catalunya R\u00e0dio con el apoyo de Al\u00e8xia Pascual (21\/04\/2026) | La Fundaci\u00f3n La Nineta dels Ulls en Catalunya R\u00e0dio con Al\u00e8xia Pascual<\/title>\n<meta name=\"description\" content=\"La Fundaci\u00f3n La Nineta dels Ulls participa en El Mat\u00ed de Catalunya R\u00e0dio con Al\u00e8xia Pascual en el espacio Les Bones Causes para dar visibilidad a su labor social.\" \/>\n<meta name=\"robots\" content=\"index, follow, max-snippet:-1, max-image-preview:large, max-video-preview:-1\" \/>\n<link rel=\"canonical\" href=\"https:\/\/fundaciolaninetadelsulls.org\/es\/fundacion-nineta-dels-ulls-catalunya-radio-alexia-pascual\/\" \/>\n<meta property=\"og:locale\" content=\"es_ES\" \/>\n<meta property=\"og:type\" content=\"article\" \/>\n<meta property=\"og:title\" content=\"La Fundaci\u00f3n La Nineta dels Ulls, protagonista en Catalunya R\u00e0dio con el apoyo de Al\u00e8xia Pascual (21\/04\/2026) | La Fundaci\u00f3n La Nineta dels Ulls en Catalunya R\u00e0dio con Al\u00e8xia Pascual\" \/>\n<meta property=\"og:description\" content=\"La Fundaci\u00f3n La Nineta dels Ulls participa en El Mat\u00ed de Catalunya R\u00e0dio con Al\u00e8xia Pascual en el espacio Les Bones Causes para dar visibilidad a su labor social.\" \/>\n<meta property=\"og:url\" content=\"https:\/\/fundaciolaninetadelsulls.org\/es\/fundacion-nineta-dels-ulls-catalunya-radio-alexia-pascual\/\" \/>\n<meta property=\"og:site_name\" content=\"Fundaci\u00f3 La Nineta dels Ulls\" \/>\n<meta property=\"article:published_time\" content=\"2026-04-29T09:24:38+00:00\" \/>\n<meta property=\"og:image\" content=\"https:\/\/fundaciolaninetadelsulls.org\/wp-content\/uploads\/2026\/04\/Screenshot-2026-04-29-at-11-22-43-Instagram.png\" \/>\n\t<meta property=\"og:image:width\" content=\"899\" \/>\n\t<meta property=\"og:image:height\" content=\"789\" \/>\n\t<meta property=\"og:image:type\" content=\"image\/png\" \/>\n<meta name=\"author\" content=\"admin\" \/>\n<meta name=\"twitter:card\" content=\"summary_large_image\" \/>\n<meta name=\"twitter:label1\" content=\"Escrito por\" \/>\n\t<meta name=\"twitter:data1\" content=\"admin\" \/>\n\t<meta name=\"twitter:label2\" content=\"Tiempo de lectura\" \/>\n\t<meta name=\"twitter:data2\" content=\"2 minutos\" \/>\n<!-- \/ Yoast SEO plugin. -->","yoast_head_json":{"title":"La Fundaci\u00f3n La Nineta dels Ulls, protagonista en Catalunya R\u00e0dio con el apoyo de Al\u00e8xia Pascual (21\/04\/2026) | La Fundaci\u00f3n La Nineta dels Ulls en Catalunya R\u00e0dio con Al\u00e8xia Pascual","description":"La Fundaci\u00f3n La Nineta dels Ulls participa en El Mat\u00ed de Catalunya R\u00e0dio con Al\u00e8xia Pascual en el espacio Les Bones Causes para dar visibilidad a su labor social.","robots":{"index":"index","follow":"follow","max-snippet":"max-snippet:-1","max-image-preview":"max-image-preview:large","max-video-preview":"max-video-preview:-1"},"canonical":"https:\/\/fundaciolaninetadelsulls.org\/es\/fundacion-nineta-dels-ulls-catalunya-radio-alexia-pascual\/","og_locale":"es_ES","og_type":"article","og_title":"La Fundaci\u00f3n La Nineta dels Ulls, protagonista en Catalunya R\u00e0dio con el apoyo de Al\u00e8xia Pascual (21\/04\/2026) | La Fundaci\u00f3n La Nineta dels Ulls en Catalunya R\u00e0dio con Al\u00e8xia Pascual","og_description":"La Fundaci\u00f3n La Nineta dels Ulls participa en El Mat\u00ed de Catalunya R\u00e0dio con Al\u00e8xia Pascual en el espacio Les Bones Causes para dar visibilidad a su labor social.","og_url":"https:\/\/fundaciolaninetadelsulls.org\/es\/fundacion-nineta-dels-ulls-catalunya-radio-alexia-pascual\/","og_site_name":"Fundaci\u00f3 La Nineta dels Ulls","article_published_time":"2026-04-29T09:24:38+00:00","og_image":[{"width":899,"height":789,"url":"https:\/\/fundaciolaninetadelsulls.org\/wp-content\/uploads\/2026\/04\/Screenshot-2026-04-29-at-11-22-43-Instagram.png","type":"image\/png"}],"author":"admin","twitter_card":"summary_large_image","twitter_misc":{"Escrito por":"admin","Tiempo de lectura":"2 minutos"},"schema":{"@context":"https:\/\/schema.org","@graph":[{"@type":"Article","@id":"https:\/\/fundaciolaninetadelsulls.org\/es\/fundacion-nineta-dels-ulls-catalunya-radio-alexia-pascual\/#article","isPartOf":{"@id":"https:\/\/fundaciolaninetadelsulls.org\/es\/fundacion-nineta-dels-ulls-catalunya-radio-alexia-pascual\/"},"author":{"name":"admin","@id":"https:\/\/fundaciolaninetadelsulls.org\/es\/#\/schema\/person\/3eccaf2a549ed72f66aa1d01ff3f5a1b"},"headline":"La Fundaci\u00f3n La Nineta dels Ulls, protagonista en Catalunya R\u00e0dio con el apoyo de Al\u00e8xia Pascual (21\/04\/2026)","datePublished":"2026-04-29T09:24:38+00:00","mainEntityOfPage":{"@id":"https:\/\/fundaciolaninetadelsulls.org\/es\/fundacion-nineta-dels-ulls-catalunya-radio-alexia-pascual\/"},"wordCount":190,"publisher":{"@id":"https:\/\/fundaciolaninetadelsulls.org\/es\/#organization"},"image":{"@id":"https:\/\/fundaciolaninetadelsulls.org\/es\/fundacion-nineta-dels-ulls-catalunya-radio-alexia-pascual\/#primaryimage"},"thumbnailUrl":"https:\/\/fundaciolaninetadelsulls.org\/wp-content\/uploads\/2026\/04\/Screenshot-2026-04-29-at-11-22-43-Instagram-300x263.png","articleSection":["Noticias"],"inLanguage":"es"},{"@type":"WebPage","@id":"https:\/\/fundaciolaninetadelsulls.org\/es\/fundacion-nineta-dels-ulls-catalunya-radio-alexia-pascual\/","url":"https:\/\/fundaciolaninetadelsulls.org\/es\/fundacion-nineta-dels-ulls-catalunya-radio-alexia-pascual\/","name":"La Fundaci\u00f3n La Nineta dels Ulls, protagonista en Catalunya R\u00e0dio con el apoyo de Al\u00e8xia Pascual (21\/04\/2026) | La Fundaci\u00f3n La Nineta dels Ulls en Catalunya R\u00e0dio con Al\u00e8xia Pascual","isPartOf":{"@id":"https:\/\/fundaciolaninetadelsulls.org\/es\/#website"},"primaryImageOfPage":{"@id":"https:\/\/fundaciolaninetadelsulls.org\/es\/fundacion-nineta-dels-ulls-catalunya-radio-alexia-pascual\/#primaryimage"},"image":{"@id":"https:\/\/fundaciolaninetadelsulls.org\/es\/fundacion-nineta-dels-ulls-catalunya-radio-alexia-pascual\/#primaryimage"},"thumbnailUrl":"https:\/\/fundaciolaninetadelsulls.org\/wp-content\/uploads\/2026\/04\/Screenshot-2026-04-29-at-11-22-43-Instagram-300x263.png","datePublished":"2026-04-29T09:24:38+00:00","description":"La Fundaci\u00f3n La Nineta dels Ulls participa en El Mat\u00ed de Catalunya R\u00e0dio con Al\u00e8xia Pascual en el espacio Les Bones Causes para dar visibilidad a su labor social.","breadcrumb":{"@id":"https:\/\/fundaciolaninetadelsulls.org\/es\/fundacion-nineta-dels-ulls-catalunya-radio-alexia-pascual\/#breadcrumb"},"inLanguage":"es","potentialAction":[{"@type":"ReadAction","target":["https:\/\/fundaciolaninetadelsulls.org\/es\/fundacion-nineta-dels-ulls-catalunya-radio-alexia-pascual\/"]}]},{"@type":"ImageObject","inLanguage":"es","@id":"https:\/\/fundaciolaninetadelsulls.org\/es\/fundacion-nineta-dels-ulls-catalunya-radio-alexia-pascual\/#primaryimage","url":"https:\/\/fundaciolaninetadelsulls.org\/wp-content\/uploads\/2026\/04\/Screenshot-2026-04-29-at-11-22-43-Instagram-300x263.png","contentUrl":"https:\/\/fundaciolaninetadelsulls.org\/wp-content\/uploads\/2026\/04\/Screenshot-2026-04-29-at-11-22-43-Instagram-300x263.png"},{"@type":"BreadcrumbList","@id":"https:\/\/fundaciolaninetadelsulls.org\/es\/fundacion-nineta-dels-ulls-catalunya-radio-alexia-pascual\/#breadcrumb","itemListElement":[{"@type":"ListItem","position":1,"name":"Inicio","item":"https:\/\/fundaciolaninetadelsulls.org\/es\/"},{"@type":"ListItem","position":2,"name":"La Fundaci\u00f3n La Nineta dels Ulls, protagonista en Catalunya R\u00e0dio con el apoyo de Al\u00e8xia Pascual (21\/04\/2026)"}]},{"@type":"WebSite","@id":"https:\/\/fundaciolaninetadelsulls.org\/es\/#website","url":"https:\/\/fundaciolaninetadelsulls.org\/es\/","name":"Fundaci\u00f3 La Nineta dels Ulls","description":"Objetivo Retinoblastoma","publisher":{"@id":"https:\/\/fundaciolaninetadelsulls.org\/es\/#organization"},"potentialAction":[{"@type":"SearchAction","target":{"@type":"EntryPoint","urlTemplate":"https:\/\/fundaciolaninetadelsulls.org\/es\/?s={search_term_string}"},"query-input":{"@type":"PropertyValueSpecification","valueRequired":true,"valueName":"search_term_string"}}],"inLanguage":"es"},{"@type":"Organization","@id":"https:\/\/fundaciolaninetadelsulls.org\/es\/#organization","name":"Fundaci\u00f3 La Nineta dels Ulls","url":"https:\/\/fundaciolaninetadelsulls.org\/es\/","logo":{"@type":"ImageObject","inLanguage":"es","@id":"https:\/\/fundaciolaninetadelsulls.org\/es\/#\/schema\/logo\/image\/","url":"https:\/\/fundaciolaninetadelsulls.org\/wp-content\/uploads\/2020\/12\/logo-fundacion-la-nineta-dels-ullst.png","contentUrl":"https:\/\/fundaciolaninetadelsulls.org\/wp-content\/uploads\/2020\/12\/logo-fundacion-la-nineta-dels-ullst.png","width":1467,"height":446,"caption":"Fundaci\u00f3 La Nineta dels Ulls"},"image":{"@id":"https:\/\/fundaciolaninetadelsulls.org\/es\/#\/schema\/logo\/image\/"}},{"@type":"Person","@id":"https:\/\/fundaciolaninetadelsulls.org\/es\/#\/schema\/person\/3eccaf2a549ed72f66aa1d01ff3f5a1b","name":"admin","image":{"@type":"ImageObject","inLanguage":"es","@id":"https:\/\/fundaciolaninetadelsulls.org\/es\/#\/schema\/person\/image\/","url":"https:\/\/secure.gravatar.com\/avatar\/265f6e939194518e3bea4bd7c1f3d8536537badc12519a87515855e398051aa4?s=96&d=mm&r=g","contentUrl":"https:\/\/secure.gravatar.com\/avatar\/265f6e939194518e3bea4bd7c1f3d8536537badc12519a87515855e398051aa4?s=96&d=mm&r=g","caption":"admin"},"sameAs":["https:\/\/fundaciolaninetadelsulls.org"]}]}},"_links":{"self":[{"href":"https:\/\/fundaciolaninetadelsulls.org\/es\/wp-json\/wp\/v2\/posts\/20743","targetHints":{"allow":["GET"]}}],"collection":[{"href":"https:\/\/fundaciolaninetadelsulls.org\/es\/wp-json\/wp\/v2\/posts"}],"about":[{"href":"https:\/\/fundaciolaninetadelsulls.org\/es\/wp-json\/wp\/v2\/types\/post"}],"author":[{"embeddable":true,"href":"https:\/\/fundaciolaninetadelsulls.org\/es\/wp-json\/wp\/v2\/users\/1"}],"replies":[{"embeddable":true,"href":"https:\/\/fundaciolaninetadelsulls.org\/es\/wp-json\/wp\/v2\/comments?post=20743"}],"version-history":[{"count":1,"href":"https:\/\/fundaciolaninetadelsulls.org\/es\/wp-json\/wp\/v2\/posts\/20743\/revisions"}],"predecessor-version":[{"id":20744,"href":"https:\/\/fundaciolaninetadelsulls.org\/es\/wp-json\/wp\/v2\/posts\/20743\/revisions\/20744"}],"wp:attachment":[{"href":"https:\/\/fundaciolaninetadelsulls.org\/es\/wp-json\/wp\/v2\/media?parent=20743"}],"wp:term":[{"taxonomy":"category","embeddable":true,"href":"https:\/\/fundaciolaninetadelsulls.org\/es\/wp-json\/wp\/v2\/categories?post=20743"},{"taxonomy":"post_tag","embeddable":true,"href":"https:\/\/fundaciolaninetadelsulls.org\/es\/wp-json\/wp\/v2\/tags?post=20743"}],"curies":[{"name":"wp","href":"https:\/\/api.w.org\/{rel}","templated":true}]}}