{"id":20745,"date":"2026-04-29T09:26:43","date_gmt":"2026-04-29T09:26:43","guid":{"rendered":"https:\/\/fundaciolaninetadelsulls.org\/?p=20745"},"modified":"2026-04-29T09:26:43","modified_gmt":"2026-04-29T09:26:43","slug":"fundacio-nineta-dels-ulls-catalunya-radio-alexia-pascual","status":"publish","type":"post","link":"https:\/\/fundaciolaninetadelsulls.org\/en\/fundacio-nineta-dels-ulls-catalunya-radio-alexia-pascual\/","title":{"rendered":"Fundaci\u00f3 La Nineta dels Ulls featured on Catalunya R\u00e0dio with the support of Al\u00e8xia Pascual (21\/04\/2026)"},"content":{"rendered":"<p><img fetchpriority=\"high\" decoding=\"async\" class=\"alignnone size-medium wp-image-20740 aligncenter\" src=\"https:\/\/fundaciolaninetadelsulls.org\/wp-content\/uploads\/2026\/04\/Screenshot-2026-04-29-at-11-22-43-Instagram-300x263.png\" alt=\"\" width=\"300\" height=\"263\" srcset=\"https:\/\/fundaciolaninetadelsulls.org\/wp-content\/uploads\/2026\/04\/Screenshot-2026-04-29-at-11-22-43-Instagram-300x263.png 300w, https:\/\/fundaciolaninetadelsulls.org\/wp-content\/uploads\/2026\/04\/Screenshot-2026-04-29-at-11-22-43-Instagram-768x674.png 768w, https:\/\/fundaciolaninetadelsulls.org\/wp-content\/uploads\/2026\/04\/Screenshot-2026-04-29-at-11-22-43-Instagram.png 899w\" sizes=\"(max-width: 300px) 100vw, 300px\" \/><\/p>\n<p data-start=\"122\" data-end=\"362\">Fundaci\u00f3 La Nineta dels Ulls would like to express its gratitude to <em data-start=\"190\" data-end=\"218\">El Mat\u00ed de Catalunya R\u00e0dio<\/em> for helping raise awareness of its work through the segment <em data-start=\"279\" data-end=\"297\">Les Bones Causes<\/em>, a platform that brings social initiatives closer to the public.<\/p>\n<p data-start=\"364\" data-end=\"588\">Thanks to this collaboration, the Foundation has been able to reach more people and continue raising awareness about the importance of research, early detection of retinoblastoma, and support for children and their families.<\/p>\n<p data-start=\"590\" data-end=\"785\">The organization would also like to give special thanks to Al\u00e8xia Pascual, whose generosity made this participation possible, helping give a voice to the project and strengthen its social impact.<\/p>\n<p data-start=\"787\" data-end=\"958\">This initiative highlights the important role of the media in promoting social causes and building collective awareness around projects that aim to improve people\u2019s lives.<\/p>\n<p data-start=\"960\" data-end=\"1095\">You can listen to the<a href=\"https:\/\/www.3cat.cat\/3cat\/alexia-pascual-amb-la-fundacio-la-nineta-dels-ulls\/audio\/1277938\/\"> interview here<\/a>:<\/p>\n","protected":false},"excerpt":{"rendered":"<p>Fundaci\u00f3 La Nineta dels Ulls would like to express its gratitude to El Mat\u00ed de Catalunya R\u00e0dio for helping raise awareness of its work through the segment Les Bones Causes, a platform that brings social initiatives closer to the public. Thanks to this collaboration, the Foundation has been able to reach more people and continue [&hellip;]<\/p>\n","protected":false},"author":1,"featured_media":0,"comment_status":"closed","ping_status":"closed","sticky":false,"template":"","format":"standard","meta":{"site-sidebar-layout":"default","site-content-layout":"","ast-site-content-layout":"default","site-content-style":"default","site-sidebar-style":"default","ast-global-header-display":"","ast-banner-title-visibility":"","ast-main-header-display":"","ast-hfb-above-header-display":"","ast-hfb-below-header-display":"","ast-hfb-mobile-header-display":"","site-post-title":"","ast-breadcrumbs-content":"","ast-featured-img":"","footer-sml-layout":"","theme-transparent-header-meta":"default","adv-header-id-meta":"","stick-header-meta":"","header-above-stick-meta":"","header-main-stick-meta":"","header-below-stick-meta":"","astra-migrate-meta-layouts":"set","ast-page-background-enabled":"default","ast-page-background-meta":{"desktop":{"background-color":"","background-image":"","background-repeat":"repeat","background-position":"center center","background-size":"auto","background-attachment":"scroll","background-type":"","background-media":"","overlay-type":"","overlay-color":"","overlay-opacity":"","overlay-gradient":""},"tablet":{"background-color":"","background-image":"","background-repeat":"repeat","background-position":"center center","background-size":"auto","background-attachment":"scroll","background-type":"","background-media":"","overlay-type":"","overlay-color":"","overlay-opacity":"","overlay-gradient":""},"mobile":{"background-color":"","background-image":"","background-repeat":"repeat","background-position":"center center","background-size":"auto","background-attachment":"scroll","background-type":"","background-media":"","overlay-type":"","overlay-color":"","overlay-opacity":"","overlay-gradient":""}},"ast-content-background-meta":{"desktop":{"background-color":"var(--ast-global-color-5)","background-image":"","background-repeat":"repeat","background-position":"center center","background-size":"auto","background-attachment":"scroll","background-type":"","background-media":"","overlay-type":"","overlay-color":"","overlay-opacity":"","overlay-gradient":""},"tablet":{"background-color":"var(--ast-global-color-5)","background-image":"","background-repeat":"repeat","background-position":"center center","background-size":"auto","background-attachment":"scroll","background-type":"","background-media":"","overlay-type":"","overlay-color":"","overlay-opacity":"","overlay-gradient":""},"mobile":{"background-color":"var(--ast-global-color-5)","background-image":"","background-repeat":"repeat","background-position":"center center","background-size":"auto","background-attachment":"scroll","background-type":"","background-media":"","overlay-type":"","overlay-color":"","overlay-opacity":"","overlay-gradient":""}},"footnotes":""},"categories":[24],"tags":[],"class_list":["post-20745","post","type-post","status-publish","format-standard","hentry","category-news"],"yoast_head":"<!-- This site is optimized with the Yoast SEO plugin v25.4 - https:\/\/yoast.com\/wordpress\/plugins\/seo\/ -->\n<title>Fundaci\u00f3 La Nineta dels Ulls featured on Catalunya R\u00e0dio with the support of Al\u00e8xia Pascual (21\/04\/2026) | Fundaci\u00f3 La Nineta dels Ulls on Catalunya R\u00e0dio with Al\u00e8xia Pascual<\/title>\n<meta name=\"description\" content=\"Fundaci\u00f3 La Nineta dels Ulls featured on El Mat\u00ed de Catalunya R\u00e0dio with Al\u00e8xia Pascual in Les Bones Causes to raise awareness of its social work.\" \/>\n<meta name=\"robots\" content=\"index, follow, max-snippet:-1, max-image-preview:large, max-video-preview:-1\" \/>\n<link rel=\"canonical\" href=\"https:\/\/fundaciolaninetadelsulls.org\/en\/fundacio-nineta-dels-ulls-catalunya-radio-alexia-pascual\/\" \/>\n<meta property=\"og:locale\" content=\"en_US\" \/>\n<meta property=\"og:type\" content=\"article\" \/>\n<meta property=\"og:title\" content=\"Fundaci\u00f3 La Nineta dels Ulls featured on Catalunya R\u00e0dio with the support of Al\u00e8xia Pascual (21\/04\/2026) | Fundaci\u00f3 La Nineta dels Ulls on Catalunya R\u00e0dio with Al\u00e8xia Pascual\" \/>\n<meta property=\"og:description\" content=\"Fundaci\u00f3 La Nineta dels Ulls featured on El Mat\u00ed de Catalunya R\u00e0dio with Al\u00e8xia Pascual in Les Bones Causes to raise awareness of its social work.\" \/>\n<meta property=\"og:url\" content=\"https:\/\/fundaciolaninetadelsulls.org\/en\/fundacio-nineta-dels-ulls-catalunya-radio-alexia-pascual\/\" \/>\n<meta property=\"og:site_name\" content=\"Fundaci\u00f3 La Nineta dels Ulls\" \/>\n<meta property=\"article:published_time\" content=\"2026-04-29T09:26:43+00:00\" \/>\n<meta property=\"og:image\" content=\"https:\/\/fundaciolaninetadelsulls.org\/wp-content\/uploads\/2026\/04\/Screenshot-2026-04-29-at-11-22-43-Instagram.png\" \/>\n\t<meta property=\"og:image:width\" content=\"899\" \/>\n\t<meta property=\"og:image:height\" content=\"789\" \/>\n\t<meta property=\"og:image:type\" content=\"image\/png\" \/>\n<meta name=\"author\" content=\"admin\" \/>\n<meta name=\"twitter:card\" content=\"summary_large_image\" \/>\n<meta name=\"twitter:label1\" content=\"Written by\" \/>\n\t<meta name=\"twitter:data1\" content=\"admin\" \/>\n\t<meta name=\"twitter:label2\" content=\"Est. reading time\" \/>\n\t<meta name=\"twitter:data2\" content=\"1 minute\" \/>\n<!-- \/ Yoast SEO plugin. -->","yoast_head_json":{"title":"Fundaci\u00f3 La Nineta dels Ulls featured on Catalunya R\u00e0dio with the support of Al\u00e8xia Pascual (21\/04\/2026) | Fundaci\u00f3 La Nineta dels Ulls on Catalunya R\u00e0dio with Al\u00e8xia Pascual","description":"Fundaci\u00f3 La Nineta dels Ulls featured on El Mat\u00ed de Catalunya R\u00e0dio with Al\u00e8xia Pascual in Les Bones Causes to raise awareness of its social work.","robots":{"index":"index","follow":"follow","max-snippet":"max-snippet:-1","max-image-preview":"max-image-preview:large","max-video-preview":"max-video-preview:-1"},"canonical":"https:\/\/fundaciolaninetadelsulls.org\/en\/fundacio-nineta-dels-ulls-catalunya-radio-alexia-pascual\/","og_locale":"en_US","og_type":"article","og_title":"Fundaci\u00f3 La Nineta dels Ulls featured on Catalunya R\u00e0dio with the support of Al\u00e8xia Pascual (21\/04\/2026) | Fundaci\u00f3 La Nineta dels Ulls on Catalunya R\u00e0dio with Al\u00e8xia Pascual","og_description":"Fundaci\u00f3 La Nineta dels Ulls featured on El Mat\u00ed de Catalunya R\u00e0dio with Al\u00e8xia Pascual in Les Bones Causes to raise awareness of its social work.","og_url":"https:\/\/fundaciolaninetadelsulls.org\/en\/fundacio-nineta-dels-ulls-catalunya-radio-alexia-pascual\/","og_site_name":"Fundaci\u00f3 La Nineta dels Ulls","article_published_time":"2026-04-29T09:26:43+00:00","og_image":[{"width":899,"height":789,"url":"https:\/\/fundaciolaninetadelsulls.org\/wp-content\/uploads\/2026\/04\/Screenshot-2026-04-29-at-11-22-43-Instagram.png","type":"image\/png"}],"author":"admin","twitter_card":"summary_large_image","twitter_misc":{"Written by":"admin","Est. reading time":"1 minute"},"schema":{"@context":"https:\/\/schema.org","@graph":[{"@type":"Article","@id":"https:\/\/fundaciolaninetadelsulls.org\/en\/fundacio-nineta-dels-ulls-catalunya-radio-alexia-pascual\/#article","isPartOf":{"@id":"https:\/\/fundaciolaninetadelsulls.org\/en\/fundacio-nineta-dels-ulls-catalunya-radio-alexia-pascual\/"},"author":{"name":"admin","@id":"https:\/\/fundaciolaninetadelsulls.org\/en\/#\/schema\/person\/3eccaf2a549ed72f66aa1d01ff3f5a1b"},"headline":"Fundaci\u00f3 La Nineta dels Ulls featured on Catalunya R\u00e0dio with the support of Al\u00e8xia Pascual (21\/04\/2026)","datePublished":"2026-04-29T09:26:43+00:00","mainEntityOfPage":{"@id":"https:\/\/fundaciolaninetadelsulls.org\/en\/fundacio-nineta-dels-ulls-catalunya-radio-alexia-pascual\/"},"wordCount":155,"publisher":{"@id":"https:\/\/fundaciolaninetadelsulls.org\/en\/#organization"},"image":{"@id":"https:\/\/fundaciolaninetadelsulls.org\/en\/fundacio-nineta-dels-ulls-catalunya-radio-alexia-pascual\/#primaryimage"},"thumbnailUrl":"https:\/\/fundaciolaninetadelsulls.org\/wp-content\/uploads\/2026\/04\/Screenshot-2026-04-29-at-11-22-43-Instagram-300x263.png","articleSection":["News"],"inLanguage":"en-US"},{"@type":"WebPage","@id":"https:\/\/fundaciolaninetadelsulls.org\/en\/fundacio-nineta-dels-ulls-catalunya-radio-alexia-pascual\/","url":"https:\/\/fundaciolaninetadelsulls.org\/en\/fundacio-nineta-dels-ulls-catalunya-radio-alexia-pascual\/","name":"Fundaci\u00f3 La Nineta dels Ulls featured on Catalunya R\u00e0dio with the support of Al\u00e8xia Pascual (21\/04\/2026) | Fundaci\u00f3 La Nineta dels Ulls on Catalunya R\u00e0dio with Al\u00e8xia Pascual","isPartOf":{"@id":"https:\/\/fundaciolaninetadelsulls.org\/en\/#website"},"primaryImageOfPage":{"@id":"https:\/\/fundaciolaninetadelsulls.org\/en\/fundacio-nineta-dels-ulls-catalunya-radio-alexia-pascual\/#primaryimage"},"image":{"@id":"https:\/\/fundaciolaninetadelsulls.org\/en\/fundacio-nineta-dels-ulls-catalunya-radio-alexia-pascual\/#primaryimage"},"thumbnailUrl":"https:\/\/fundaciolaninetadelsulls.org\/wp-content\/uploads\/2026\/04\/Screenshot-2026-04-29-at-11-22-43-Instagram-300x263.png","datePublished":"2026-04-29T09:26:43+00:00","description":"Fundaci\u00f3 La Nineta dels Ulls featured on El Mat\u00ed de Catalunya R\u00e0dio with Al\u00e8xia Pascual in Les Bones Causes to raise awareness of its social work.","breadcrumb":{"@id":"https:\/\/fundaciolaninetadelsulls.org\/en\/fundacio-nineta-dels-ulls-catalunya-radio-alexia-pascual\/#breadcrumb"},"inLanguage":"en-US","potentialAction":[{"@type":"ReadAction","target":["https:\/\/fundaciolaninetadelsulls.org\/en\/fundacio-nineta-dels-ulls-catalunya-radio-alexia-pascual\/"]}]},{"@type":"ImageObject","inLanguage":"en-US","@id":"https:\/\/fundaciolaninetadelsulls.org\/en\/fundacio-nineta-dels-ulls-catalunya-radio-alexia-pascual\/#primaryimage","url":"https:\/\/fundaciolaninetadelsulls.org\/wp-content\/uploads\/2026\/04\/Screenshot-2026-04-29-at-11-22-43-Instagram-300x263.png","contentUrl":"https:\/\/fundaciolaninetadelsulls.org\/wp-content\/uploads\/2026\/04\/Screenshot-2026-04-29-at-11-22-43-Instagram-300x263.png"},{"@type":"BreadcrumbList","@id":"https:\/\/fundaciolaninetadelsulls.org\/en\/fundacio-nineta-dels-ulls-catalunya-radio-alexia-pascual\/#breadcrumb","itemListElement":[{"@type":"ListItem","position":1,"name":"Home","item":"https:\/\/fundaciolaninetadelsulls.org\/en\/"},{"@type":"ListItem","position":2,"name":"Fundaci\u00f3 La Nineta dels Ulls featured on Catalunya R\u00e0dio with the support of Al\u00e8xia Pascual (21\/04\/2026)"}]},{"@type":"WebSite","@id":"https:\/\/fundaciolaninetadelsulls.org\/en\/#website","url":"https:\/\/fundaciolaninetadelsulls.org\/en\/","name":"Fundaci\u00f3 La Nineta dels Ulls","description":"","publisher":{"@id":"https:\/\/fundaciolaninetadelsulls.org\/en\/#organization"},"potentialAction":[{"@type":"SearchAction","target":{"@type":"EntryPoint","urlTemplate":"https:\/\/fundaciolaninetadelsulls.org\/en\/?s={search_term_string}"},"query-input":{"@type":"PropertyValueSpecification","valueRequired":true,"valueName":"search_term_string"}}],"inLanguage":"en-US"},{"@type":"Organization","@id":"https:\/\/fundaciolaninetadelsulls.org\/en\/#organization","name":"Fundaci\u00f3 La Nineta dels Ulls","url":"https:\/\/fundaciolaninetadelsulls.org\/en\/","logo":{"@type":"ImageObject","inLanguage":"en-US","@id":"https:\/\/fundaciolaninetadelsulls.org\/en\/#\/schema\/logo\/image\/","url":"https:\/\/fundaciolaninetadelsulls.org\/wp-content\/uploads\/2020\/12\/logo-fundacion-la-nineta-dels-ullst.png","contentUrl":"https:\/\/fundaciolaninetadelsulls.org\/wp-content\/uploads\/2020\/12\/logo-fundacion-la-nineta-dels-ullst.png","width":1467,"height":446,"caption":"Fundaci\u00f3 La Nineta dels Ulls"},"image":{"@id":"https:\/\/fundaciolaninetadelsulls.org\/en\/#\/schema\/logo\/image\/"}},{"@type":"Person","@id":"https:\/\/fundaciolaninetadelsulls.org\/en\/#\/schema\/person\/3eccaf2a549ed72f66aa1d01ff3f5a1b","name":"admin","image":{"@type":"ImageObject","inLanguage":"en-US","@id":"https:\/\/fundaciolaninetadelsulls.org\/en\/#\/schema\/person\/image\/","url":"https:\/\/secure.gravatar.com\/avatar\/265f6e939194518e3bea4bd7c1f3d8536537badc12519a87515855e398051aa4?s=96&d=mm&r=g","contentUrl":"https:\/\/secure.gravatar.com\/avatar\/265f6e939194518e3bea4bd7c1f3d8536537badc12519a87515855e398051aa4?s=96&d=mm&r=g","caption":"admin"},"sameAs":["https:\/\/fundaciolaninetadelsulls.org"]}]}},"_links":{"self":[{"href":"https:\/\/fundaciolaninetadelsulls.org\/en\/wp-json\/wp\/v2\/posts\/20745","targetHints":{"allow":["GET"]}}],"collection":[{"href":"https:\/\/fundaciolaninetadelsulls.org\/en\/wp-json\/wp\/v2\/posts"}],"about":[{"href":"https:\/\/fundaciolaninetadelsulls.org\/en\/wp-json\/wp\/v2\/types\/post"}],"author":[{"embeddable":true,"href":"https:\/\/fundaciolaninetadelsulls.org\/en\/wp-json\/wp\/v2\/users\/1"}],"replies":[{"embeddable":true,"href":"https:\/\/fundaciolaninetadelsulls.org\/en\/wp-json\/wp\/v2\/comments?post=20745"}],"version-history":[{"count":1,"href":"https:\/\/fundaciolaninetadelsulls.org\/en\/wp-json\/wp\/v2\/posts\/20745\/revisions"}],"predecessor-version":[{"id":20746,"href":"https:\/\/fundaciolaninetadelsulls.org\/en\/wp-json\/wp\/v2\/posts\/20745\/revisions\/20746"}],"wp:attachment":[{"href":"https:\/\/fundaciolaninetadelsulls.org\/en\/wp-json\/wp\/v2\/media?parent=20745"}],"wp:term":[{"taxonomy":"category","embeddable":true,"href":"https:\/\/fundaciolaninetadelsulls.org\/en\/wp-json\/wp\/v2\/categories?post=20745"},{"taxonomy":"post_tag","embeddable":true,"href":"https:\/\/fundaciolaninetadelsulls.org\/en\/wp-json\/wp\/v2\/tags?post=20745"}],"curies":[{"name":"wp","href":"https:\/\/api.w.org\/{rel}","templated":true}]}}